{"id":9004,"date":"2022-11-24T14:33:29","date_gmt":"2022-11-24T17:33:29","guid":{"rendered":"https:\/\/temp.leadster.com.br\/blog\/?p=9004"},"modified":"2024-11-11T14:58:22","modified_gmt":"2024-11-11T17:58:22","slug":"eventos-de-marketing-digital-2024","status":"publish","type":"post","link":"https:\/\/leadster.com.br\/blog\/eventos-de-marketing-digital-2024\/","title":{"rendered":"18 Eventos de Marketing Digital em 2024 para Acompanhar"},"content":{"rendered":"\n<p><strong>Para quais eventos de marketing digital em 2024 voc\u00ea j\u00e1 est\u00e1 se preparando?<\/strong><\/p>\n\n\n\n<p>Alguns est\u00e3o longe, outros est\u00e3o bem perto. Com isso, s\u00f3 resta a gente se preparar e claro \u2014 sonhar com o pr\u00f3ximo.&nbsp;<\/p>\n\n\n\n<p>Todo mundo conhece esse sentimento: voc\u00ea acaba de sair do \u00faltimo dia de um evento de marketing digital j\u00e1 se perguntando quanto tempo falta para o pr\u00f3ximo.<\/p>\n\n\n\n<p>Esses eventos causam sentimentos assim na gente, e n\u00e3o tem o que fazer al\u00e9m de sonhar e se planejar.&nbsp;<\/p>\n\n\n\n<p><strong>Esse texto \u00e9 um pouco de planejamento e um pouquinho de sonho.<\/strong><\/p>\n\n\n\n<p>Vamos falar tudo o que j\u00e1 sabemos sobre 18 eventos de marketing digital em 2024, com foco nos maiores do Brasil e da Am\u00e9rica Latina.<\/p>\n\n\n\n<p>Mas tem alguns extras tamb\u00e9m fora do Brasil. Tem at\u00e9 l\u00e1 na Austr\u00e1lia e um (n\u00e3o vou dar spoiler) l\u00e1 em Las Vegas!&nbsp; \ud83c\udfb0<\/p>\n\n\n\n<p><strong>Tudo pronto para come\u00e7ar? Ent\u00e3o vem comigo!&nbsp;<\/strong><\/p>\n\n\n\n<figure class=\"wp-block-image\"><a href=\"https:\/\/leadster.com.br\/chatbot-leadster\/?utm_source=blog&amp;utm_medium=organic&amp;utm_campaign=eventos_de_marketing&amp;utm_content=banner\" target=\"_blank\" rel=\"noreferrer noopener\"><img decoding=\"async\" width=\"1024\" height=\"341\" src=\"https:\/\/leadster.com.br\/blog\/wp-content\/uploads\/2022\/10\/Banner_posts_vendas-1024x341.webp\" alt=\"\" class=\"wp-image-7692\" srcset=\"https:\/\/leadster.com.br\/blog\/wp-content\/uploads\/2022\/10\/Banner_posts_vendas-1024x341.webp 1024w, https:\/\/leadster.com.br\/blog\/wp-content\/uploads\/2022\/10\/Banner_posts_vendas-300x100.webp 300w, https:\/\/leadster.com.br\/blog\/wp-content\/uploads\/2022\/10\/Banner_posts_vendas-768x256.webp 768w, https:\/\/leadster.com.br\/blog\/wp-content\/uploads\/2022\/10\/Banner_posts_vendas-150x50.webp 150w, https:\/\/leadster.com.br\/blog\/wp-content\/uploads\/2022\/10\/Banner_posts_vendas.webp 1500w\" sizes=\"(max-width: 1024px) 100vw, 1024px\" \/><\/a><\/figure>\n\n\n\n<h2 class=\"wp-block-heading\">18 eventos de marketing digital em 2024<\/h2>\n\n\n\n<p>Voc\u00ea vai ver que os eventos de marketing digital em 2024 que trouxemos aqui j\u00e1 est\u00e3o ficando tradicionais no mundo do marketing.<\/p>\n\n\n\n<p>Alguns j\u00e1 s\u00e3o t\u00e3o famosos que atraem audi\u00eancia internacional e palestrantes tamb\u00e9m do mundo todo.&nbsp;<\/p>\n\n\n\n<p>Alguns dos eventos tamb\u00e9m est\u00e3o sem informa\u00e7\u00f5es cruciais, porque elas ainda n\u00e3o foram confirmadas.<\/p>\n\n\n\n<p>N\u00f3s achamos melhor incluir mesmo os que n\u00e3o tem informa\u00e7\u00f5es confirmadas porque eles j\u00e1 s\u00e3o tradicionais.<\/p>\n\n\n\n<p>Nesses casos, vamos falar mais sobre como foram edi\u00e7\u00f5es anteriores e o que voc\u00ea pode esperar dessa.&nbsp;<\/p>\n\n\n\n<p><strong>Esses s\u00e3o os 18 maiores e melhores eventos de marketing digital em 2024:<\/strong><\/p>\n\n\n\n<ul class=\"wp-block-list\">\n<li>Go Digital Festival 2024&nbsp;&nbsp;&nbsp;&nbsp;<\/li>\n\n\n\n<li>Digitalks Expo 2024&nbsp;&nbsp;<\/li>\n\n\n\n<li>Web Summit 2024&nbsp;&nbsp;&nbsp;&nbsp;<\/li>\n\n\n\n<li>RD Summit 2024&nbsp;&nbsp;&nbsp;<\/li>\n\n\n\n<li>Rock Content Innovation Summit&nbsp;&nbsp;&nbsp;&nbsp;<\/li>\n\n\n\n<li>Gramado Summit 2024&nbsp;&nbsp;&nbsp;&nbsp;<\/li>\n\n\n\n<li>YOUPIX Summit 2024&nbsp;&nbsp;&nbsp;&nbsp;<\/li>\n\n\n\n<li>F\u00f3rum Ecommerce Brasil 2024&nbsp;&nbsp;&nbsp;&nbsp;<\/li>\n\n\n\n<li>IxDA Interaction&nbsp;&nbsp;&nbsp;&nbsp;<\/li>\n\n\n\n<li>MELIXP 2024<\/li>\n\n\n\n<li>Hotmart Fire Festival 2024<\/li>\n\n\n\n<li>Design &amp; Experience 2024<\/li>\n\n\n\n<li>Influent Summit<\/li>\n\n\n\n<li>South Summit Brazil 2024<\/li>\n\n\n\n<li>VTEX Day 2024<\/li>\n\n\n\n<li>Universo TOTVS<\/li>\n\n\n\n<li>Adobe Summit<\/li>\n\n\n\n<li>HubSpot Inbound<\/li>\n<\/ul>\n\n\n\n<p>Nomes antigos, nomes novos &#8211; tem um pouco de tudo. Agora come\u00e7ando de verdade:<\/p>\n\n\n\n<h2 class=\"wp-block-heading\">Go Digital Festival 2024<\/h2>\n\n\n\n<figure class=\"wp-block-embed is-type-video is-provider-youtube wp-block-embed-youtube wp-embed-aspect-16-9 wp-has-aspect-ratio\"><div class=\"wp-block-embed__wrapper\">\n<iframe title=\"After Movie | Sinta a emo\u00e7\u00e3o do GDF 2023\" width=\"750\" height=\"422\" src=\"https:\/\/www.youtube.com\/embed\/nO2BcqCRra8?feature=oembed\" frameborder=\"0\" allow=\"accelerometer; autoplay; clipboard-write; encrypted-media; gyroscope; picture-in-picture; web-share\" referrerpolicy=\"strict-origin-when-cross-origin\" allowfullscreen><\/iframe>\n<\/div><\/figure>\n\n\n\n<p><br><strong>Vamos come\u00e7ando com o ca\u00e7ulinha da lista?&nbsp;<\/strong><\/p>\n\n\n\n<p>O Go Digital Festival foi criado em 2022, sendo uma iniciativa da plataforma <a href=\"https:\/\/www.gokursos.com\" target=\"_blank\" rel=\"noreferrer noopener nofollow\">Go Kursos<\/a>, e desde ent\u00e3o ele vem atraindo muito sucesso e muitos olhares tamb\u00e9m.&nbsp;<\/p>\n\n\n\n<p>Muito, claro, pelo investimento em uma estrutura incr\u00edvel, um \u00f3timo espa\u00e7o de stands para neg\u00f3cios e grandes oportunidades de networking e aprendizado.&nbsp;<\/p>\n\n\n\n<p><strong>Mas \u00e9 claro que os palestrantes tamb\u00e9m ajudam bastante no sucesso do Go Digital.&nbsp;<\/strong><\/p>\n\n\n\n<p>Ano passado, pra voc\u00ea ter uma ideia, o evento trouxe Pablo Mar\u00e7al, Carol Paiffer (Atom), Kak\u00e1 Diniz, Kaisser, Pyong Lee, Wendell Carvalho e outros palestrantes, influencers, CEOs e representantes de grandes marcas.<\/p>\n\n\n\n<p>Esse ano, o Go Digital traz <strong>Jo\u00e3o Branco, Alex Monteiro, Carlos Catu\u00edpe, Carol Paiffer, a dupla de influencers Casal Rec<\/strong> entre outros grandes nomes do marketing digital, vendas, inova\u00e7\u00e3o e coaching.&nbsp;<\/p>\n\n\n\n<p>E essas \u00faltimas quatro palavrinhas descrevem o evento perfeitamente: \u00e9 isso que voc\u00ea vai encontrar viajando para Recife esse ano para participar do Go Digital 2024.&nbsp;<\/p>\n\n\n\n<h3 class=\"wp-block-heading\">Mais informa\u00e7\u00f5es sobre o Go Digital Festival 2024<\/h3>\n\n\n\n<ul class=\"wp-block-list\">\n<li><strong>Localiza\u00e7\u00e3o: <\/strong>Centro de Conven\u00e7\u00f5es de Pernambuco, Av. Prof. Andrade Bezerra, s\/n &#8211; Salgadinho, Olinda &#8211; PE.<br><\/li>\n\n\n\n<li><strong>Dias: <\/strong>04, 05 e 06 de abril;<br><\/li>\n\n\n\n<li><strong>Pre\u00e7os dos ingressos: <\/strong>de R$397 a R$8.797.<br><\/li>\n\n\n\n<li><strong>Palestrantes confirmados: <\/strong>Jo\u00e3o Branco, Alex Monteiro, Carlos Catu\u00edpe, Carol Paiffer, Casal Rec, Edu Abreu, Fillipe Holzer, Gilberto Augusto, Guto Galamba, Igor Moraes, Jangui\u00ea Diniz, Jo\u00e3o Pedro, Mois\u00e9s Ramos, Rodrigo Barros, Renner Silva, Vanessa Soares.&nbsp;<\/li>\n<\/ul>\n\n\n\n<p>Esses s\u00e3o s\u00f3 alguns dos palestrantes confirmados esse ano at\u00e9 o momento, mas agora, conforme a data vai ficando mais pr\u00f3xima, mais alguns devem ser divulgados tamb\u00e9m.&nbsp;<\/p>\n\n\n\n<p><a href=\"https:\/\/www.godigitalfestival.com\/\" target=\"_blank\" rel=\"noreferrer noopener nofollow\">Acesse o site oficial clicando aqui.&nbsp;<\/a><\/p>\n\n\n\n<h2 class=\"wp-block-heading\">Digitalks Expo 2024<\/h2>\n\n\n\n<figure class=\"wp-block-embed is-type-video is-provider-youtube wp-block-embed-youtube wp-embed-aspect-16-9 wp-has-aspect-ratio\"><div class=\"wp-block-embed__wrapper\">\n<iframe title=\"Digitalks Expo 2023: Oportunidades\" width=\"750\" height=\"422\" src=\"https:\/\/www.youtube.com\/embed\/OO6IpXsvzlk?feature=oembed\" frameborder=\"0\" allow=\"accelerometer; autoplay; clipboard-write; encrypted-media; gyroscope; picture-in-picture; web-share\" referrerpolicy=\"strict-origin-when-cross-origin\" allowfullscreen><\/iframe>\n<\/div><\/figure>\n\n\n\n<p><br>O Digitalks \u00e9 uma iniciativa do WeWork, que busca produzir, agregar e distribuir conte\u00fado relacionado a neg\u00f3cios, inova\u00e7\u00e3o, marketing digital e tudo o mais relacionado \u00e0 nova economia.&nbsp;<\/p>\n\n\n\n<p>Mas eu provavelmente estou chovendo no molhado aqui. O Digitalks j\u00e1 est\u00e1 quase completando 20 anos de exist\u00eancia, sendo que o Digitalks Expo, o evento mesmo, existe desde 2011.&nbsp;<\/p>\n\n\n\n<p>Ao longo da sua exist\u00eancia o evento trouxe grandes nomes para suas plen\u00e1rias, e estimulou o surgimento de grandes parcerias no seu sal\u00e3o principal.&nbsp;<\/p>\n\n\n\n<p><strong>O mais interessante do Digitalks Expo com certeza \u00e9 a sua diversidade, tanto em palestrantes quanto no pr\u00f3prio conte\u00fado das palestras.&nbsp;<\/strong><\/p>\n\n\n\n<p>Ano passado, por exemplo, trouxeram o Igor 3K dos Est\u00fadios Flow para falar sobre produ\u00e7\u00e3o de conte\u00fado digital, mas tamb\u00e9m trouxeram Marcos Dimenstein, filho do Gilberto Dimenstein, para falar sobre o jornalismo do Catraca Livre.&nbsp;<\/p>\n\n\n\n<p>Estiveram presentes tamb\u00e9m Mateus Moura, CMO do Serasa, e Samantha Bull, Head de Conte\u00fado da Nestl\u00e9.&nbsp;<\/p>\n\n\n\n<p>At\u00e9 os Correios participaram dando dicas de log\u00edstica para pequenos neg\u00f3cios online.&nbsp;<\/p>\n\n\n\n<p>Olha essa diversidade! Uma iniciativa assim traz grandes oportunidades de aprendizado, j\u00e1 que voc\u00ea vai estar imerso em culturas completamente diferentes em cada palestra.&nbsp;<\/p>\n\n\n\n<p><strong>A estrutura do evento esse ano vai contar com:&nbsp;<\/strong><\/p>\n\n\n\n<ul class=\"wp-block-list\">\n<li>Jantar executivo uma noite antes do evento para networking;&nbsp;<\/li>\n\n\n\n<li>Pr\u00eamio Digitalks;&nbsp;<\/li>\n\n\n\n<li>A festa Digiparty;&nbsp;<\/li>\n\n\n\n<li>\u00c1rea de neg\u00f3cios com mais de 150 expositores;&nbsp;<\/li>\n\n\n\n<li>12 audit\u00f3rios com palestras, keynotes e discuss\u00f5es moderadas;&nbsp;<\/li>\n\n\n\n<li>\u00c1rea VIP para imprensa, palestrantes e convidados.<\/li>\n<\/ul>\n\n\n\n<h3 class=\"wp-block-heading\">Mais informa\u00e7\u00f5es sobre a Digitalks Expo 2024<\/h3>\n\n\n\n<ul class=\"wp-block-list\">\n<li><strong>Localiza\u00e7\u00e3o: <\/strong>a definir;<\/li>\n\n\n\n<li><strong>Dias: <\/strong>21 e 22 de agosto;<\/li>\n<\/ul>\n\n\n\n<ul class=\"wp-block-list\">\n<li><strong>Pre\u00e7os dos ingressos: <\/strong>de<a href=\"https:\/\/www.sympla.com.br\/evento\/digitalks-expo-2024\/2105598\" target=\"_blank\" rel=\"noreferrer noopener nofollow\"> R$ 699 a R$ 1.999<\/a><\/li>\n\n\n\n<li><strong>Palestrantes confirmados: <\/strong>Ainda n\u00e3o divulgados,<a href=\"https:\/\/digitalks.com.br\/expo\/\" target=\"_blank\" rel=\"noreferrer noopener nofollow\"> acompanhe o site.<\/a><\/li>\n<\/ul>\n\n\n\n<h2 class=\"wp-block-heading\">Web Summit 2024<\/h2>\n\n\n\n<figure class=\"wp-block-embed is-type-video is-provider-youtube wp-block-embed-youtube wp-embed-aspect-16-9 wp-has-aspect-ratio\"><div class=\"wp-block-embed__wrapper\">\n<iframe title=\"Digitalks Expo 2023: Oportunidades\" width=\"750\" height=\"422\" src=\"https:\/\/www.youtube.com\/embed\/OO6IpXsvzlk?feature=oembed\" frameborder=\"0\" allow=\"accelerometer; autoplay; clipboard-write; encrypted-media; gyroscope; picture-in-picture; web-share\" referrerpolicy=\"strict-origin-when-cross-origin\" allowfullscreen><\/iframe>\n<\/div><\/figure>\n\n\n\n<p><br>Ano passado foi a primeira edi\u00e7\u00e3o do Web Summit no Rio de Janeiro, e ela foi hist\u00f3rica em v\u00e1rios sentidos.&nbsp;<\/p>\n\n\n\n<p>O primeiro deles, \u00e9 claro, \u00e9 a pr\u00f3pria realiza\u00e7\u00e3o do evento em solo brasileiro \u2014 ou melhor, em solo <em>carioca.&nbsp;<\/em><\/p>\n\n\n\n<p>O Web Summit \u00e9 um dos maiores, sen\u00e3o o maior, evento de marketing digital e tecnologia do mundo. Desde 2011 ele \u00e9 realizado em v\u00e1rias cidades pelo mundo afora, mas desde 2016 ele passou a ser exclusivo de Lisboa.&nbsp;<\/p>\n\n\n\n<p>Mas parece que tudo est\u00e1 mudando. <strong>Como o turista que vai pro Rio e n\u00e3o quer sair de l\u00e1 nunca mais, o Web Summit vai ter mais uma edi\u00e7\u00e3o na cidade maravilhosa em 2024.&nbsp;<\/strong><\/p>\n\n\n\n<p>Ser\u00e1 que vamos destronar Lisboa e trazer o Web Summit pra gente?&nbsp;<\/p>\n\n\n\n<p>Sendo o local onde \u201co futuro vai para nascer\u201d, <strong>o Web Summit atraiu mais de 30 mil participantes ano passado, e contou com a presen\u00e7a de mais de 1.500 startups e 700 investidores pelos seus sal\u00f5es e plen\u00e1rias.&nbsp;<\/strong><\/p>\n\n\n\n<p>Com certeza, entre todos os eventos que eu trouxe aqui pra voc\u00ea, o Web Summit \u00e9 aquele que ou voc\u00ea vai ou chora depois por n\u00e3o ter ido.&nbsp;<\/p>\n\n\n\n<h3 class=\"wp-block-heading\">Mais informa\u00e7\u00f5es sobre o Web Summit 2023:&nbsp;<\/h3>\n\n\n\n<ul class=\"wp-block-list\">\n<li><strong>Localiza\u00e7\u00e3o: <\/strong>Riocentro<\/li>\n\n\n\n<li><strong>Dias: <\/strong>De 15 a 18 de abril;<\/li>\n\n\n\n<li><strong>Pre\u00e7os dos ingressos: <\/strong>d<a href=\"https:\/\/rio.websummit.com\/tickets\/attendees\" target=\"_blank\" rel=\"noreferrer noopener nofollow\">e R$1795 a R$ 49.999,00<\/a>&nbsp; \ud83d\ude2e<br><\/li>\n\n\n\n<li><strong>Palestrantes confirmados: <\/strong>Meredith Whittaker (Signal CEO), Kondzilla, Gabriel Braga (Quinto Andar CEO), Txai Suru\u00ed, George Arison (Grindr CEO), Tarciana Medeiros (Banco do Brasil CEO), dentre outros. <a href=\"https:\/\/rio.websummit.com\/\" target=\"_blank\" rel=\"noreferrer noopener nofollow\">Acesse a lista completa.&nbsp;<\/a><\/li>\n<\/ul>\n\n\n\n<h2 class=\"wp-block-heading\">RD Summit 2024<\/h2>\n\n\n\n<figure class=\"wp-block-embed is-type-video is-provider-youtube wp-block-embed-youtube wp-embed-aspect-16-9 wp-has-aspect-ratio\"><div class=\"wp-block-embed__wrapper\">\n<iframe title=\"RD Summit 2023 | Filme oficial\" width=\"750\" height=\"422\" src=\"https:\/\/www.youtube.com\/embed\/kQyiq4oaIhk?feature=oembed\" frameborder=\"0\" allow=\"accelerometer; autoplay; clipboard-write; encrypted-media; gyroscope; picture-in-picture; web-share\" referrerpolicy=\"strict-origin-when-cross-origin\" allowfullscreen><\/iframe>\n<\/div><\/figure>\n\n\n\n<p><br>Mas de longe o evento de marketing digital mais famoso do Brasil \u00e9 o RD Summit.&nbsp;<\/p>\n\n\n\n<p>Ali\u00e1s, o RD Summit \u00e9 um dos principais respons\u00e1veis por trazer a cultura dos grandes eventos de marketing para o Brasil.&nbsp;<\/p>\n\n\n\n<p>Grandes n\u00e3o, <em>gigantes. <\/em><strong>O RD Summit \u00e9 o maior evento de marketing digital da Am\u00e9rica Latina, e est\u00e1 comemorando esse ano sua nona edi\u00e7\u00e3o.&nbsp;<\/strong><\/p>\n\n\n\n<p>Ano passado foram mais de 15 mil participantes, 150 palestrantes e 200 marcas que compareceram nos stands da \u00e1rea de neg\u00f3cios.&nbsp;<\/p>\n\n\n\n<p>E os palestrantes tamb\u00e9m foram de peso. Teve Emicida, Rafael Kiso do mLabs, Th\u00e9o Orosco do Exact Sales, F\u00e1bio Ricotta da Ag\u00eancia Mestre (esse j\u00e1 \u00e9 arroz de festa) e v\u00e1rios outros mais.&nbsp;<\/p>\n\n\n\n<p>Quem viveu viu, e quem viver ver\u00e1. Todo mundo pronto para mais um RD Summit?&nbsp;<\/p>\n\n\n\n<h3 class=\"wp-block-heading\">Mais informa\u00e7\u00f5es sobre o RD Summit 2024<\/h3>\n\n\n\n<ul class=\"wp-block-list\">\n<li><strong>Localiza\u00e7\u00e3o: <\/strong>Expo Center Norte, S\u00e3o Paulo\/SP;<\/li>\n\n\n\n<li><strong>Dias: <\/strong>De 06 a 08 de novembro;<\/li>\n<\/ul>\n\n\n\n<ul class=\"wp-block-list\">\n<li><strong>Pre\u00e7os dos ingressos: <\/strong>n\u00e3o confirmado;<\/li>\n\n\n\n<li><strong>Palestrantes confirmados: <\/strong>n\u00e3o foram divulgados,<a href=\"https:\/\/www.rdsummit.com.br\/#Sobre\" target=\"_blank\" rel=\"noreferrer noopener nofollow\"> fique de olho no site.<\/a><\/li>\n<\/ul>\n\n\n\n<h2 class=\"wp-block-heading\">Rock Content Innovation Summit<\/h2>\n\n\n\n<p>A Rock Content est\u00e1 tentando desde a pandemia emplacar o seu Summit 100% online. E est\u00e1 dando relativamente certo.&nbsp;<\/p>\n\n\n\n<p>Apesar deles n\u00e3o divulgarem dados sobre o tamanho do evento, quantidade de participantes do ano anterior e os resultados gerais alcan\u00e7ados, s\u00f3 o fato de ter outro Innovation Summit em 2024 j\u00e1 atesta a qualidade do evento, n\u00e3o \u00e9?&nbsp;<\/p>\n\n\n\n<p>Mas uma palavrinha de aviso para quem ainda n\u00e3o conhece o Innovation Summit: <strong>ele \u00e9 o \u00fanico entre os eventos de marketing digital em 2024 que n\u00e3o traz aqueles grandes palestrantes.&nbsp;<\/strong><\/p>\n\n\n\n<p>Na verdade, <strong>todas as palestras s\u00e3o ministradas por pessoas da pr\u00f3pria Rock Content, ou por clientes parceiros.&nbsp;<\/strong><\/p>\n\n\n\n<p>Isso de forma alguma diminui o impacto e a import\u00e2ncia do evento, j\u00e1 que esses palestrantes est\u00e3o ativos na \u00e1rea de marketing de conte\u00fado h\u00e1 anos, e a Rock Content \u00e9 a maior autoridade sobre o assunto no Brasil hoje.&nbsp;<\/p>\n\n\n\n<p>Esse \u00e9 um evento que ningu\u00e9m pode perder, j\u00e1 que ele \u00e9 online e completamente gr\u00e1tis. Nada gasto e conte\u00fado de qualidade: onde eu me inscrevo? \ud83d\ude2c<br><strong><br><\/strong><strong>Ainda n\u00e3o temos informa\u00e7\u00f5es sobre o Rock Content Innovation Summit 2024<\/strong>.&nbsp;<\/p>\n\n\n\n<h2 class=\"wp-block-heading\">Gramado Summit 2024<\/h2>\n\n\n\n<figure class=\"wp-block-embed is-type-video is-provider-youtube wp-block-embed-youtube wp-embed-aspect-16-9 wp-has-aspect-ratio\"><div class=\"wp-block-embed__wrapper\">\n<iframe title=\"O MAIOR BRAINSTORMING DA AM\u00c9RICA LATINA: Gramado Summit 2023\" width=\"750\" height=\"422\" src=\"https:\/\/www.youtube.com\/embed\/biB_-b0zhmw?feature=oembed\" frameborder=\"0\" allow=\"accelerometer; autoplay; clipboard-write; encrypted-media; gyroscope; picture-in-picture; web-share\" referrerpolicy=\"strict-origin-when-cross-origin\" allowfullscreen><\/iframe>\n<\/div><\/figure>\n\n\n\n<p><br>De verdade: poder ir passar um frio em Gramado e assistir a um dos maiores eventos de marketing digital do Brasil n\u00e3o tem compara\u00e7\u00e3o.&nbsp;<\/p>\n\n\n\n<p>A cidade \u00e9 lind\u00edssima, claro, mas n\u00e3o \u00e9 s\u00f3 isso: o Gramado Summit vem se colocando como um dos eventos mais diversos de toda a lista.&nbsp;<\/p>\n\n\n\n<p>E \u00e9 diversidade mesmo: <strong>o jogador e apresentador Denilson<\/strong> \u00e9 uma das atra\u00e7\u00f5es convidadas, ao mesmo tempo em que o <strong>\u00c9rico Borgo, fundador do Omelete<\/strong>, tamb\u00e9m.<\/p>\n\n\n\n<p>Outro exemplo: <strong>Thelma Assis, apresentadora e ex-BBB, e Marcos Piangers.&nbsp;<\/strong><\/p>\n\n\n\n<p>O Gramado Summit tem um pouco de tudo para todo mundo. Ano passado foram mais de 15 mil pessoas presentes, com mais de 500 marcas expondo e mais de 10 trilhas de conte\u00fado com foco na diversidade.&nbsp;<\/p>\n\n\n\n<p>Prepare sua manta e bora j\u00e1 aprender a gostar de chimarr\u00e3o, porque a edi\u00e7\u00e3o de 2024 promete. Saiba mais sobre o evento de marketing digital logo abaixo:&nbsp;<\/p>\n\n\n\n<h3 class=\"wp-block-heading\">Mais informa\u00e7\u00f5es sobre o Gramado Summit 2024<\/h3>\n\n\n\n<ul class=\"wp-block-list\">\n<li><strong>Localiza\u00e7\u00e3o: <\/strong>Serra Park, Gramado &#8211; RS;<br><\/li>\n\n\n\n<li><strong>Dias: <\/strong>10 a 12 de abril;<br><\/li>\n\n\n\n<li><strong>Pre\u00e7os dos ingressos: <\/strong>R$1.690;<br><\/li>\n\n\n\n<li><strong>Palestrantes confirmados: <\/strong>Mari Maria, Leandro Ladeira, Thelma Assis, Marcos Piangers, Rafael Cortez, Luciana Wodzik, Natalia Beauty, \u00c9rico Borgo, Vinicius Gambeta, Otaviano Costa, Stenio Girardelli, Carlos Busch, Yuri Mussoly, Monique Evelle, Rafael Zulu, Manu Canielas e Manuela Bordasch.<br><\/li>\n<\/ul>\n\n\n\n<h2 class=\"wp-block-heading\">YOUPIX Summit 2024 \u2014 CANCELADO<\/h2>\n\n\n\n<figure class=\"wp-block-embed is-type-video is-provider-youtube wp-block-embed-youtube wp-embed-aspect-16-9 wp-has-aspect-ratio\"><div class=\"wp-block-embed__wrapper\">\n<iframe title=\"O MAIOR EVENTO DE INFLU\u00caNCIA DO BRASIL: YOUPIX SUMMIT 2019\" width=\"750\" height=\"422\" src=\"https:\/\/www.youtube.com\/embed\/FMVW5Z6zPEQ?feature=oembed\" frameborder=\"0\" allow=\"accelerometer; autoplay; clipboard-write; encrypted-media; gyroscope; picture-in-picture; web-share\" referrerpolicy=\"strict-origin-when-cross-origin\" allowfullscreen><\/iframe>\n<\/div><\/figure>\n\n\n\n<p><br>Os maiores criadores de conte\u00fado do Brasil se reuniam em um local todo ano, onde eles conversam sobre seus planos de domina\u00e7\u00e3o dos algoritmos e sobre seus segredos de <a href=\"https:\/\/leadster.com.br\/blog\/marketing-de-influencia\/\" target=\"_blank\" rel=\"noreferrer noopener\">marketing de influ\u00eancia.&nbsp;<\/a><\/p>\n\n\n\n<p>E esse lugar n\u00e3o \u00e9 um bunker s\u00f3 para creators, ou uma reuni\u00e3o escondida onde os segredos s\u00e3o contados livremente, mas n\u00e3o saem dali.&nbsp;<\/p>\n\n\n\n<p>De jeito nenhum: tudo isso acontecia em plena luz do dia, e com a presen\u00e7a de milhares de convidados. Era o YOUPIX Summit, o maior evento de influencers da am\u00e9rica latina.&nbsp;<\/p>\n\n\n\n<p><strong>\u201cEra\u201d porque o YOUPIX Summit de 2023 foi o \u00faltimo. O evento foi encerrado ap\u00f3s quase 15 anos de realiza\u00e7\u00e3o.&nbsp;<\/strong><\/p>\n\n\n\n<p>A YOUPIX em si \u00e9 bastante antiga, sendo<strong> uma das primeiras consultorias voltadas para a Creator Economy do Brasil.&nbsp;<\/strong><\/p>\n\n\n\n<p>Muito do que a gente consome hoje vindo de influencers e criadores de conte\u00fado digital \u00e9 inspirado diretamente pelas t\u00e9cnicas e preceitos que a YOUPIX ajudou a popularizar aqui no Brasil.&nbsp;<\/p>\n\n\n\n<p>A consultoria est\u00e1 nessa miss\u00e3o desde 2006, dois anos antes do Facebook chegar por aqui e 4 antes do Instagram.&nbsp;<\/p>\n\n\n\n<p>A YOUPIX j\u00e1 fazia marketing de influ\u00eancia antes do termo sequer existir. <strong>Em 2006, as pessoas chamavam creators de <\/strong><strong><em>blogueiros <\/em><\/strong><strong>sem ironia.&nbsp;<\/strong><\/p>\n\n\n\n<p><a href=\"https:\/\/www.meioemensagem.com.br\/midia\/youpix-foca-em-consultoria\" target=\"_blank\" rel=\"noreferrer noopener nofollow\">Fica essa eulogia a um dos maiores eventos de marketing digital do Brasil. Quem sabe no futuro a Bia Granja volta pra empresa e reabre o Summit?&nbsp;<\/a><\/p>\n\n\n\n<h2 class=\"wp-block-heading\">F\u00f3rum E-commerce Brasil 2024<\/h2>\n\n\n\n<figure class=\"wp-block-embed is-type-video is-provider-youtube wp-block-embed-youtube wp-embed-aspect-16-9 wp-has-aspect-ratio\"><div class=\"wp-block-embed__wrapper\">\n<iframe title=\"F\u00f3rum E-Commerce Brasil: Entrevista com Luiza Helena Trajano: O e-commerce de tudo e de todos\" width=\"750\" height=\"422\" src=\"https:\/\/www.youtube.com\/embed\/nFU4HI60o4I?feature=oembed\" frameborder=\"0\" allow=\"accelerometer; autoplay; clipboard-write; encrypted-media; gyroscope; picture-in-picture; web-share\" referrerpolicy=\"strict-origin-when-cross-origin\" allowfullscreen><\/iframe>\n<\/div><\/figure>\n\n\n\n<p>J\u00e1 que estamos falando sobre os maiores entre os eventos de marketing digital de 2024, segue outro gigante: <strong>o maior evento sobre e-commerces do Brasil.&nbsp;<\/strong><br>J\u00e1 que estamos falando sobre os maiores entre os eventos de marketing digital de 2024, segue outro gigante: <strong>o maior evento sobre e-commerces do Brasil.&nbsp;<\/strong><\/p>\n\n\n\n<p>N\u00e3o h\u00e1 a menor d\u00favida que o F\u00f3rum \u00e9 o maior da categoria. E n\u00e3o seria por menos: o site E-commerce Brasil, criador do evento, \u00e9 a maior autoridade sobre com\u00e9rcio eletr\u00f4nico hoje em terras tupiniquins.&nbsp;<\/p>\n\n\n\n<p>Grandes nomes j\u00e1 passaram pelo evento, sendo que s\u00f3 no ano passado tivemos a presen\u00e7a de Andr\u00e9 dos Reis (JBL), Fernando Figueiredo (Lojas Renner), Francisco Alves (Levi Strauss), Alejandra Restrepo (Mercado Livre) dentre outros.&nbsp;<\/p>\n\n\n\n<p>Tudo, tudo no F\u00f3rum \u00e9 sobre o e-commerce. \u00c9 por isso que voc\u00ea n\u00e3o vai encontrar os \u201cgrandes nomes\u201d t\u00e3o comuns em eventos de marketing digital.&nbsp;<\/p>\n\n\n\n<p><strong>N\u00e3o tem Emicida, n\u00e3o tem Ivete Sangalo: aqui \u00e9 s\u00f3 e-commerce.&nbsp;<\/strong><\/p>\n\n\n\n<p>E todos os palestrantes convidados s\u00e3o selecionados com base nas suas experi\u00eancias com o mercado online.&nbsp;<\/p>\n\n\n\n<p>Alguns aqui e ali s\u00e3o famosos, mas conversar com o head de digital da Mondial \u00e9 muito mais interessante para empres\u00e1rios online do que assistir uma hora de Marcelo Tas, n\u00e3o \u00e9?<\/p>\n\n\n\n<h3 class=\"wp-block-heading\">Mais informa\u00e7\u00f5es sobre o F\u00f3rum E-commerce Brasil 2024<\/h3>\n\n\n\n<ul class=\"wp-block-list\">\n<li><strong>Localiza\u00e7\u00e3o: <\/strong>Distrito Anhembi, S\u00e3o Paulo\/SP;<br><\/li>\n\n\n\n<li><strong>Dias: <\/strong>30 de julho a 01 de agosto;<br><\/li>\n\n\n\n<li><strong>Pre\u00e7os dos ingressos: <\/strong>n\u00e3o divulgado;<br><\/li>\n\n\n\n<li><strong>Palestrantes confirmados: <\/strong>nenhum divulgado.<br><\/li>\n<\/ul>\n\n\n\n<h2 class=\"wp-block-heading\">MELIXP 2024<\/h2>\n\n\n\n<figure class=\"wp-block-embed is-type-video is-provider-youtube wp-block-embed-youtube wp-embed-aspect-16-9 wp-has-aspect-ratio\"><div class=\"wp-block-embed__wrapper\">\n<iframe title=\"Mercado Livre Experience 2018\" width=\"750\" height=\"422\" src=\"https:\/\/www.youtube.com\/embed\/w-s3dn-HJ8Y?feature=oembed\" frameborder=\"0\" allow=\"accelerometer; autoplay; clipboard-write; encrypted-media; gyroscope; picture-in-picture; web-share\" referrerpolicy=\"strict-origin-when-cross-origin\" allowfullscreen><\/iframe>\n<\/div><\/figure>\n\n\n\n<p><br>Aproveitando que a gente est\u00e1 falando de e-commerce, tamb\u00e9m precisamos falar sobre o Mercado Livre Experience, o evento de marketing do \u2014 adivinha s\u00f3 \u2014 Mercado Livre.&nbsp;<\/p>\n\n\n\n<p>O MELIXP \u00e9 bem mais jovem que o F\u00f3rum E-commerce Brasil, come\u00e7ando suas atividades em 2017 \u2014 enquanto o segundo come\u00e7ou em 2009.&nbsp;<\/p>\n\n\n\n<p>Mas mesmo assim, o MELIXP entrega conte\u00fado de qualidade, grandes oportunidades de neg\u00f3cio e palestrantes 100% focados no e-commerce.&nbsp;<\/p>\n\n\n\n<p>Grandes nomes do ano passado inclu\u00edram Daniel Scandian (MadeiraMadeira), Diego Aparecido (Serasa Experian), L\u00edvia Augusto (GM), Nuno Lopes (CEO da Visa Brasil).<\/p>\n\n\n\n<p>Ir em eventos de e-commerce, por\u00e9m, n\u00e3o \u00e9 s\u00f3 pra quem \u00e9 do e-commerce. Eles trazem sempre \u00f3timos <em>insights <\/em>sobre marketing digital, j\u00e1 que a atua\u00e7\u00e3o dos dois \u00e9 muito pr\u00f3xima.&nbsp;<\/p>\n\n\n\n<p>Tamb\u00e9m espere palestras sobre log\u00edstica, supera\u00e7\u00e3o, empreendedorismo e aquele toque motivacional que todo profissional de marketing precisa de vez em quando, n\u00e9?&nbsp;<\/p>\n\n\n\n<p><strong>Infelizmente, ainda n\u00e3o temos mais informa\u00e7\u00f5es sobre o MELIXP 2024.&nbsp;<\/strong><\/p>\n\n\n\n<h2 class=\"wp-block-heading\">Hotmart Fire Festival 2024<\/h2>\n\n\n\n<p>Voc\u00ea vai perceber que n\u00e3o s\u00e3o todas as marcas que usam \u201cFestival\u201d para descrever seus eventos de marketing digital.&nbsp;<\/p>\n\n\n\n<p>Ali\u00e1s, nessa lista, o Hotmart Fire Festival \u00e9 o \u00fanico que usa esse nome. E n\u00e3o \u00e9 \u00e0 toa: o evento \u00e9 sempre bastante animado e mistura uma boa dose de festa com o conte\u00fado que voc\u00ea j\u00e1 espera ver em eventos de marketing digital.&nbsp;<\/p>\n\n\n\n<p>O YOUPIX Summit dominou por muitos anos o espa\u00e7o de maior evento de marketing relacionado \u00e0 creator economy do Brasil e da Am\u00e9rica Latina.&nbsp;<\/p>\n\n\n\n<p>Mas agora, com o seu fim, o Hotmart Fire Festival j\u00e1 pode ser considerado como o novo rei!&nbsp;<\/p>\n\n\n\n<p>Seu foco, por\u00e9m, \u00e9 um pouco diferente do YOUPIX, trazendo mais o lado corporativo e das redes sociais para os holofotes.&nbsp;<\/p>\n\n\n\n<p><strong>Podemos dizer que o YOUPIX sempre colocou o \u201ccreator\u201d na frente do conte\u00fado, enquanto o Fire Festival tem um apelo mais voltado para o \u201ceconomy\u201d.&nbsp;<\/strong><\/p>\n\n\n\n<p>Esse ano, o evento vai contar com nomes de peso como Hyeser Souza, Jo\u00e3o Branco e Pedro Sobral, uma das maiores autoridades em <a href=\"https:\/\/leadster.com.br\/blog\/como-anunciar-no-google-ads\/\">Google Ads<\/a> e <a href=\"https:\/\/leadster.com.br\/blog\/social-ads-gerar-leads\/\">Social Ads <\/a>do Brasil.&nbsp;<\/p>\n\n\n\n<p><strong>Veja tudo o que a gente j\u00e1 sabe sobre o Hotmart Fire Festival 2024:&nbsp;<\/strong><\/p>\n\n\n\n<h3 class=\"wp-block-heading\">Mais informa\u00e7\u00f5es sobre o Hotmart Fire Festival 2024<\/h3>\n\n\n\n<ul class=\"wp-block-list\">\n<li><strong>Localiza\u00e7\u00e3o: <\/strong>Expominas, Belo Horizonte &#8211; MG;<\/li>\n\n\n\n<li><strong>Dias: <\/strong>24, 25 e 26 de agosto;&nbsp;<\/li>\n\n\n\n<li><strong>Pre\u00e7os dos ingressos: <\/strong>de R$1817,00 a R$4197,00;<\/li>\n<\/ul>\n\n\n\n<p><strong>Palestrantes confirmados: <\/strong>n\u00e3o foram divulgados,<a href=\"https:\/\/firefestival.hotmart.com\" target=\"_blank\" rel=\"noreferrer noopener nofollow\"> fique de olho no site.<\/a><\/p>\n\n\n\n<h2 class=\"wp-block-heading\">Design &amp; Experience 2024<\/h2>\n\n\n\n<figure class=\"wp-block-embed is-type-video is-provider-youtube wp-block-embed-youtube wp-embed-aspect-16-9 wp-has-aspect-ratio\"><div class=\"wp-block-embed__wrapper\">\n<iframe title=\"#DEXCONF22 - Design para pessoas reais\" width=\"750\" height=\"422\" src=\"https:\/\/www.youtube.com\/embed\/7qWfKlaTNvc?feature=oembed\" frameborder=\"0\" allow=\"accelerometer; autoplay; clipboard-write; encrypted-media; gyroscope; picture-in-picture; web-share\" referrerpolicy=\"strict-origin-when-cross-origin\" allowfullscreen><\/iframe>\n<\/div><\/figure>\n\n\n\n<p><br>A DEXCONF \u00e9 organizada pela Mergo, uma das maiores plataformas sobre design, UX e UI do Brasil, especializada em cursos de forma\u00e7\u00e3o para profissionais dessa \u00e1rea.&nbsp;<\/p>\n\n\n\n<p>O pr\u00f3prio evento foi criado por uma busca <strong>constante de aprimoramento no cen\u00e1rio de experi\u00eancia do usu\u00e1rio no Brasil.&nbsp;<\/strong><\/p>\n\n\n\n<p>Conforme a tecnologia vai avan\u00e7ando, a forma com que as pessoas interagem com os produtos vai mudando.&nbsp;<\/p>\n\n\n\n<p>E conforme essa mudan\u00e7a vai acontecendo, os designers precisam, al\u00e9m de estar por cima de tudo, tamb\u00e9m propor novas solu\u00e7\u00f5es e jeitos de pensar.&nbsp;<\/p>\n\n\n\n<p>Em 2023, o evento reuniu uma lista bem interessante de profissionais, incluindo designers, professores, pesquisadores e <em>product leads<\/em>.&nbsp;<\/p>\n\n\n\n<p><strong>Entre esses nomes podemos destacar Robson Santos (Luizalabs), Luli Radfahrer (USP) e Rachel Lima (Ambev).<\/strong><\/p>\n\n\n\n<p>Esse \u00e9 um evento indispens\u00e1vel para todos os designers. Se voc\u00ea puder ir, v\u00e1!&nbsp;<\/p>\n\n\n\n<h3 class=\"wp-block-heading\">Mais informa\u00e7\u00f5es sobre o DEXCONF 2024<\/h3>\n\n\n\n<ul class=\"wp-block-list\">\n<li><strong>Localiza\u00e7\u00e3o: <\/strong>Centro de Conven\u00e7\u00f5es Rebou\u00e7as \u2014 S\u00e3o Paulo\/SP;<\/li>\n\n\n\n<li><strong>Dias: <\/strong>06 e 07 de setembro;&nbsp;<\/li>\n\n\n\n<li><strong>Pre\u00e7os dos ingressos: <\/strong>R$499,00.<\/li>\n<\/ul>\n\n\n\n<p><strong>Palestrantes confirmados: <\/strong>n\u00e3o foram divulgados,<a href=\"https:\/\/www.mergo.com.br\/eventos\/dexconf\/\" target=\"_blank\" rel=\"noreferrer noopener nofollow\"> fique de olho no site.<\/a><\/p>\n\n\n\n<h2 class=\"wp-block-heading\">Influent Summit 2024<\/h2>\n\n\n\n<p>Na briga entre a Hotmart e a YOUPIX, o Influent Summit est\u00e1 do lado de fora, s\u00f3 olhando, esperando sua oportunidade.&nbsp;<\/p>\n\n\n\n<p>E parece que ela chegou esse ano.&nbsp;<\/p>\n\n\n\n<p>O evento \u00e9 novo, tendo sua primeira edi\u00e7\u00e3o somente em 2023. Mas agora, para 2024, ele promete se colocar como um dos maiores do Brasil e da Am\u00e9rica Latina.&nbsp;<\/p>\n\n\n\n<p>Ser\u00e3o mais de 30 convidados em 2 dias de evento, e 3 trilhas de conte\u00fado voltadas inteiramente para influencers e creators brasileiros.&nbsp;<\/p>\n\n\n\n<p>Essas tr\u00eas trilhas s\u00e3o divididas assim:&nbsp;<\/p>\n\n\n\n<ul class=\"wp-block-list\">\n<li><strong>Canais Digitais:<\/strong> onde e como posicionar sua marca, com especialistas em creator economy, <a href=\"https:\/\/leadster.com.br\/blog\/cross-branding\/\" target=\"_blank\" rel=\"noreferrer noopener\">branding<\/a>, engajamento e <a href=\"https:\/\/leadster.com.br\/blog\/marketing-de-comunidade\/\">marke<\/a><a href=\"https:\/\/leadster.com.br\/blog\/marketing-de-comunidade\/\" target=\"_blank\" rel=\"noreferrer noopener\">t<\/a><a href=\"https:\/\/leadster.com.br\/blog\/marketing-de-comunidade\/\">ing de comunidade<\/a>;&nbsp;<\/li>\n<\/ul>\n\n\n\n<ul class=\"wp-block-list\">\n<li><strong>Faturamento: <\/strong>como ganhar mais dinheiro sendo creator, com dicas de creators que ganham <em>muito <\/em>dinheiro;&nbsp;<\/li>\n<\/ul>\n\n\n\n<ul class=\"wp-block-list\">\n<li><strong>Carreira e Neg\u00f3cios: <\/strong>foco no longo prazo, com a cria\u00e7\u00e3o de uma carreira e investimento do que o creator vem recebendo.&nbsp;<\/li>\n<\/ul>\n\n\n\n<p>O evento \u00e9 novo, e por isso mesmo \u00e9 interessante conhec\u00ea-lo. Veja mais informa\u00e7\u00f5es logo abaixo:&nbsp;<\/p>\n\n\n\n<h3 class=\"wp-block-heading\">Mais informa\u00e7\u00f5es sobre o Influence Summit:&nbsp;<\/h3>\n\n\n\n<ul class=\"wp-block-list\">\n<li><strong>Localiza\u00e7\u00e3o: <\/strong>ainda n\u00e3o confirmado;<\/li>\n\n\n\n<li><strong>Dias: <\/strong>07 e 08 de mar\u00e7o;&nbsp;<\/li>\n<\/ul>\n\n\n\n<ul class=\"wp-block-list\">\n<li><strong>Pre\u00e7os dos ingressos: <\/strong>R$ 697,00.<br><\/li>\n\n\n\n<li><strong>Palestrantes confirmados: <\/strong>Lumena Aleluia, Bruno Garessw, Tilia, Pyong Lee, Castanho, Davi Braga, Cela, Giovani Begossi e <a href=\"https:\/\/www.influentsummit.com.br\" target=\"_blank\" rel=\"noreferrer noopener nofollow\">outros que voc\u00ea encontra no site.&nbsp;<\/a><\/li>\n<\/ul>\n\n\n\n<h2 class=\"wp-block-heading\"><br>VTEX Day 2024<\/h2>\n\n\n\n<p>J\u00e1 que o assunto \u00e9 e-commerce, tamb\u00e9m n\u00e3o podemos deixar de falar do VTEX Day nessa trilogia das lojas online, n\u00e9?&nbsp;<\/p>\n\n\n\n<p>O VTEX Day \u00e9 o evento de marketing digital da plataforma VTEX, uma das maiores plataformas de e-commerce do Brasil.&nbsp;<\/p>\n\n\n\n<p>Os palestrantes s\u00e3o incr\u00edveis e o ambiente \u00e9 muito prop\u00edcio para o networking, contando com mais de <strong>20 mil congressistas por dia de evento.&nbsp;<\/strong><\/p>\n\n\n\n<p><strong>Veja mais informa\u00e7\u00f5es logo abaixo:&nbsp;<\/strong><\/p>\n\n\n\n<h3 class=\"wp-block-heading\">Mais informa\u00e7\u00f5es sobre o VTEX Day 2024:&nbsp;<\/h3>\n\n\n\n<ul class=\"wp-block-list\">\n<li><strong>Localiza\u00e7\u00e3o: <\/strong>S\u00e3o Paulo Expo, S\u00e3o Paulo\/SP;<\/li>\n\n\n\n<li><strong>Dias: <\/strong>11 e 12 de abril;&nbsp;<\/li>\n<\/ul>\n\n\n\n<ul class=\"wp-block-list\">\n<li><strong>Pre\u00e7os dos ingressos: de <\/strong>R$1.400 a R$3.125.<br><\/li>\n\n\n\n<li><strong>Palestrantes confirmados: <\/strong>ainda nenhum palestrante confirmado. <a href=\"https:\/\/vtexday.com\/\" target=\"_blank\" rel=\"noreferrer noopener nofollow\">Fique de olho no site!<\/a>&nbsp;<\/li>\n<\/ul>\n\n\n\n<h2 class=\"wp-block-heading\">Eventos de marketing digital internacionais que valem a viagem<\/h2>\n\n\n\n<p>Bastante recomenda\u00e7\u00f5es at\u00e9 agora, hein? Espero que voc\u00ea tenha gostado de todas!&nbsp;<\/p>\n\n\n\n<p>Esses eventos j\u00e1 est\u00e3o ficando um pouco figurinha carimbada no cen\u00e1rio de marketing brasileiro.&nbsp;<\/p>\n\n\n\n<p>Todo ano voc\u00ea acaba encontrando os mesmos eventos, que apesar de memor\u00e1veis, v\u00e3o ficando repetitivos para quem vai muito.&nbsp;<\/p>\n\n\n\n<p><strong>Ent\u00e3o, separei tr\u00eas eventos que valem muito a pena voc\u00ea conhecer caso esse seja o seu caso.&nbsp;<\/strong><\/p>\n\n\n\n<p>S\u00e3o eles:<\/p>\n\n\n\n<ul class=\"wp-block-list\">\n<li><a href=\"https:\/\/summit.adobe.com\/na\/\" target=\"_blank\" rel=\"noreferrer noopener nofollow\">Adobe Summit<\/a> \u2014 26 a 28 de mar\u00e7o, em Las Vegas e online;&nbsp;<\/li>\n\n\n\n<li><a href=\"https:\/\/interaction24.ixda.org\/\" target=\"_blank\" rel=\"noreferrer noopener nofollow\">IxDA Interaction \u2014 CANCELADO<\/a>;&nbsp;<\/li>\n\n\n\n<li><a href=\"https:\/\/www.inbound.com\/\" target=\"_blank\" rel=\"noreferrer noopener nofollow\">HubSpot Inbound \u2014 18 a 20 de setembro, Boston<\/a>;&nbsp;<\/li>\n\n\n\n<li><a href=\"https:\/\/www.salesforceben.com\/event\/dreamforce-2024\/\" target=\"_blank\" rel=\"noopener\">Dreamforce 2024 \u2014 17 a 19 de setembro, S\u00e3o Franc<\/a><a href=\"https:\/\/www.salesforceben.com\/event\/dreamforce-2024\/\" target=\"_blank\" rel=\"noreferrer noopener nofollow\">i<\/a><a href=\"https:\/\/www.salesforceben.com\/event\/dreamforce-2024\/\" target=\"_blank\" rel=\"noopener\">sco;&nbsp;<\/a><\/li>\n<\/ul>\n\n\n\n<p>Agora me diz, em quais dos eventos dessa lista a gente vai se encontrar?&nbsp;<\/p>\n\n\n\n<p>Espero que em v\u00e1rios deles. E quando a gente se encontrar l\u00e1, vamos ter muita coisa pra conversar sobre os seus resultados. E sobre os nossos.&nbsp;<\/p>\n\n\n\n<p>Sobre os nossos porque eu tenho certeza que voc\u00ea vai querer o material que eu vou te oferecer agora. \u00c9 o <a href=\"https:\/\/leadster.com.br\/o-benchmark-aberto-da-leadster\">nosso benchmar<\/a><a href=\"https:\/\/leadster.com.br\/o-benchmark-aberto-da-leadster?utm_source=blog&amp;utm_medium=organic&amp;utm_campaign=eventos_de_marketing&amp;utm_content=hyperlink\" target=\"_blank\" rel=\"noreferrer noopener\">k<\/a><a href=\"https:\/\/leadster.com.br\/o-benchmark-aberto-da-leadster\"> aberto<\/a>, que realizamos no final de 2023 e onde analisamos todos os nossos resultados do ano ao viva\u00e7o pra todo mundo ver.&nbsp;<\/p>\n\n\n\n<p>Para acessar, \u00e9 s\u00f3 clicar no banner abaixo. Vou ficar te esperando, ok? Obrigado pela leitura!&nbsp;<\/p>\n\n\n\n<figure class=\"wp-block-image size-large\"><img decoding=\"async\" width=\"1024\" height=\"505\" src=\"https:\/\/leadster.com.br\/blog\/wp-content\/uploads\/2023\/12\/banner-blog_Prancheta-1-1024x505.webp\" alt=\"\" class=\"wp-image-15251\" srcset=\"https:\/\/leadster.com.br\/blog\/wp-content\/uploads\/2023\/12\/banner-blog_Prancheta-1-1024x505.webp 1024w, https:\/\/leadster.com.br\/blog\/wp-content\/uploads\/2023\/12\/banner-blog_Prancheta-1-300x148.webp 300w, https:\/\/leadster.com.br\/blog\/wp-content\/uploads\/2023\/12\/banner-blog_Prancheta-1-768x379.webp 768w, https:\/\/leadster.com.br\/blog\/wp-content\/uploads\/2023\/12\/banner-blog_Prancheta-1-1536x757.webp 1536w, https:\/\/leadster.com.br\/blog\/wp-content\/uploads\/2023\/12\/banner-blog_Prancheta-1-2048x1010.webp 2048w, https:\/\/leadster.com.br\/blog\/wp-content\/uploads\/2023\/12\/banner-blog_Prancheta-1-150x74.webp 150w\" sizes=\"(max-width: 1024px) 100vw, 1024px\" \/><\/figure>\n\n\n\n<p><script type=\"application\/ld+json\">\n{\n  \"@context\": \"https:\/\/schema.org\",\n  \"@type\": \"FAQPage\",\n  \"mainEntity\": {\n    \"@type\": \"Question\",\n    \"name\": \"Quais s\u00e3o os principais eventos de marketing digital em 2023?\",\n    \"acceptedAnswer\": {\n      \"@type\": \"Answer\",\n      \"text\": \"<ol>\n<li> Go Digital Festival 2023 <\/li>\n<li> Digitalks Expo 2023 <\/li>\n<li> Web Summit 2023 <\/li>\n<li> RD Summit 2023 <\/li>\n<li> Gramado Summit 2023 <\/li>\n<li> YOUPIX Summit 2023 <\/li>\n<li> UXConfBR 2023 <\/li>\n<li> F\u00f3rum Ecommerce Brasil 2023 <\/li>\n<li> MELIXP 2023 <\/li>\n<li> IxDA Interaction <\/li>\n<li> Hotmart Fire Festival 2023 <\/li>\n<\/ol>\"\n    }\n  }\n}\n<\/script><\/p>\n","protected":false},"excerpt":{"rendered":"<p>Para quais eventos de marketing digital em 2024 voc\u00ea j\u00e1 est\u00e1 se preparando? Alguns est\u00e3o longe, outros est\u00e3o bem perto. Com isso, s\u00f3 resta a gente se preparar e claro \u2014 sonhar com o pr\u00f3ximo.&nbsp; Todo mundo conhece esse sentimento: voc\u00ea acaba de sair do \u00faltimo dia de um evento [&hellip;]<\/p>\n","protected":false},"author":4,"featured_media":9005,"comment_status":"open","ping_status":"open","sticky":false,"template":"","format":"standard","meta":{"inline_featured_image":false,"footnotes":""},"categories":[2],"tags":[],"class_list":["post-9004","post","type-post","status-publish","format-standard","has-post-thumbnail","hentry","category-tendencias"],"_links":{"self":[{"href":"https:\/\/leadster.com.br\/blog\/wp-json\/wp\/v2\/posts\/9004","targetHints":{"allow":["GET"]}}],"collection":[{"href":"https:\/\/leadster.com.br\/blog\/wp-json\/wp\/v2\/posts"}],"about":[{"href":"https:\/\/leadster.com.br\/blog\/wp-json\/wp\/v2\/types\/post"}],"author":[{"embeddable":true,"href":"https:\/\/leadster.com.br\/blog\/wp-json\/wp\/v2\/users\/4"}],"replies":[{"embeddable":true,"href":"https:\/\/leadster.com.br\/blog\/wp-json\/wp\/v2\/comments?post=9004"}],"version-history":[{"count":12,"href":"https:\/\/leadster.com.br\/blog\/wp-json\/wp\/v2\/posts\/9004\/revisions"}],"predecessor-version":[{"id":16924,"href":"https:\/\/leadster.com.br\/blog\/wp-json\/wp\/v2\/posts\/9004\/revisions\/16924"}],"wp:featuredmedia":[{"embeddable":true,"href":"https:\/\/leadster.com.br\/blog\/wp-json\/wp\/v2\/media\/9005"}],"wp:attachment":[{"href":"https:\/\/leadster.com.br\/blog\/wp-json\/wp\/v2\/media?parent=9004"}],"wp:term":[{"taxonomy":"category","embeddable":true,"href":"https:\/\/leadster.com.br\/blog\/wp-json\/wp\/v2\/categories?post=9004"},{"taxonomy":"post_tag","embeddable":true,"href":"https:\/\/leadster.com.br\/blog\/wp-json\/wp\/v2\/tags?post=9004"}],"curies":[{"name":"wp","href":"https:\/\/api.w.org\/{rel}","templated":true}]}}